{"id":94,"date":"2022-11-09T12:21:31","date_gmt":"2022-11-09T11:21:31","guid":{"rendered":"https:\/\/evjetkd.no\/?p=94"},"modified":"2022-11-09T12:21:31","modified_gmt":"2022-11-09T11:21:31","slug":"gradering-hosten-2022","status":"publish","type":"post","link":"https:\/\/evjetkd.no\/?p=94","title":{"rendered":"Gradering h\u00f8sten 2022"},"content":{"rendered":"\n<h4 class=\"wp-block-heading\"><strong>Velkommen til gradering l\u00f8rdag 17. desember kl. 10 i Otrahallen<\/strong><\/h4>\n\n\n\n<p>D\u00f8rene til dojangen \u00e5pner 09.30 slik at ut\u00f8vere kan varme opp f\u00f8r gradering, og tilskuere vil samtidig f\u00e5 tilgang til Otrahallen. Ta med familie og venner, jo flere som heier, jo g\u00f8yere blir det!<br><br>Registrering og betaling \u00e5pner ca. 09.45. Det fremvises kvittering for betaling via VIPPS eller til kontonummer f\u00f8r gradering starter.<br>Pris for gradering er 250,-<br><br>Ut\u00f8vere blir hentet inn n\u00e5r det er klart for oppstilling. Husk drikkeflaske!<br><br>Graderingen inkludert seremoni er forventet \u00e5 vare i ca. 4 timer. Ca&#8230; Alts\u00e5, ta med litt mat og drikke dersom du er tilskuer, det har en tendens til \u00e5 dra seg ut i tid \ud83d\ude42<br><br><\/p>\n\n\n\n<figure class=\"wp-block-image size-large\"><img loading=\"lazy\" decoding=\"async\" width=\"1024\" height=\"546\" src=\"https:\/\/evjetkd.no\/wp-content\/uploads\/2022\/11\/Skjermbilde-2022-11-09-kl.-12.18.42-1024x546.jpg\" alt=\"\" class=\"wp-image-95\" srcset=\"https:\/\/evjetkd.no\/wp-content\/uploads\/2022\/11\/Skjermbilde-2022-11-09-kl.-12.18.42-1024x546.jpg 1024w, https:\/\/evjetkd.no\/wp-content\/uploads\/2022\/11\/Skjermbilde-2022-11-09-kl.-12.18.42-300x160.jpg 300w, https:\/\/evjetkd.no\/wp-content\/uploads\/2022\/11\/Skjermbilde-2022-11-09-kl.-12.18.42-768x410.jpg 768w, https:\/\/evjetkd.no\/wp-content\/uploads\/2022\/11\/Skjermbilde-2022-11-09-kl.-12.18.42-1536x820.jpg 1536w, https:\/\/evjetkd.no\/wp-content\/uploads\/2022\/11\/Skjermbilde-2022-11-09-kl.-12.18.42-2048x1093.jpg 2048w\" sizes=\"auto, (max-width: 1024px) 100vw, 1024px\" \/><\/figure>\n","protected":false},"excerpt":{"rendered":"<p>Velkommen til gradering l\u00f8rdag 17. desember kl. 10 i Otrahallen D\u00f8rene til dojangen \u00e5pner 09.30 slik at ut\u00f8vere kan varme opp f\u00f8r gradering, og tilskuere vil samtidig f\u00e5 tilgang til Otrahallen. Ta med familie og venner, jo flere som heier, jo g\u00f8yere blir det! Registrering og betaling \u00e5pner ca. 09.45. Det fremvises kvittering for betaling [&hellip;]<\/p>\n","protected":false},"author":2,"featured_media":0,"comment_status":"open","ping_status":"open","sticky":false,"template":"","format":"standard","meta":{"footnotes":""},"categories":[6],"tags":[],"class_list":["post-94","post","type-post","status-publish","format-standard","hentry","category-nyheter"],"_links":{"self":[{"href":"https:\/\/evjetkd.no\/index.php?rest_route=\/wp\/v2\/posts\/94","targetHints":{"allow":["GET"]}}],"collection":[{"href":"https:\/\/evjetkd.no\/index.php?rest_route=\/wp\/v2\/posts"}],"about":[{"href":"https:\/\/evjetkd.no\/index.php?rest_route=\/wp\/v2\/types\/post"}],"author":[{"embeddable":true,"href":"https:\/\/evjetkd.no\/index.php?rest_route=\/wp\/v2\/users\/2"}],"replies":[{"embeddable":true,"href":"https:\/\/evjetkd.no\/index.php?rest_route=%2Fwp%2Fv2%2Fcomments&post=94"}],"version-history":[{"count":2,"href":"https:\/\/evjetkd.no\/index.php?rest_route=\/wp\/v2\/posts\/94\/revisions"}],"predecessor-version":[{"id":97,"href":"https:\/\/evjetkd.no\/index.php?rest_route=\/wp\/v2\/posts\/94\/revisions\/97"}],"wp:attachment":[{"href":"https:\/\/evjetkd.no\/index.php?rest_route=%2Fwp%2Fv2%2Fmedia&parent=94"}],"wp:term":[{"taxonomy":"category","embeddable":true,"href":"https:\/\/evjetkd.no\/index.php?rest_route=%2Fwp%2Fv2%2Fcategories&post=94"},{"taxonomy":"post_tag","embeddable":true,"href":"https:\/\/evjetkd.no\/index.php?rest_route=%2Fwp%2Fv2%2Ftags&post=94"}],"curies":[{"name":"wp","href":"https:\/\/api.w.org\/{rel}","templated":true}]}}