{"id":122,"date":"2022-12-07T21:32:55","date_gmt":"2022-12-07T20:32:55","guid":{"rendered":"https:\/\/evjetkd.no\/?p=122"},"modified":"2022-12-07T21:32:55","modified_gmt":"2022-12-07T20:32:55","slug":"grotfest-tirsdag-20-desember","status":"publish","type":"post","link":"https:\/\/evjetkd.no\/?p=122","title":{"rendered":"Gr\u00f8tfest tirsdag 20. desember"},"content":{"rendered":"\n<h4 class=\"wp-block-heading\">Gr\u00f8tfest p\u00e5 Pernille Kaf\u00e8 tirsdag 20. desember &#8211; 18.30-20.00.<\/h4>\n\n\n\n<p>Evje Taekwondo klubb \u00f8nsker medlemmer, foreldre og s\u00f8sken velkommen til gr\u00f8tfest p\u00e5 Pernille Kaf\u00e8 siste tirsdagen f\u00f8r jul. Med gr\u00f8tfesten s\u00e5 setter vi punktum for h\u00f8stsesongen 2022.<br><br>Vi er veldig glade for \u00e5 ha en s\u00e5 fin gruppe som hver uke stiller opp og gj\u00f8r sitt beste. Det er det verdt \u00e5 feire. Ta gjerne p\u00e5 deg nisselua dersom du har!<\/p>\n\n\n\n<p><strong>Praktisk informasjon:<\/strong><br>P\u00e5melding til gr\u00f8tfesten skjer via spond (app p\u00e5 telefon, evt. www.spond.no). Husk \u00e5 registrere deg\/ditt barn i Evje Taekwondo klubb p\u00e5 Spond.<br>P\u00e5meldingsfrist er satt til <strong><em>torsdag 15. desember.<\/em><\/strong> <br>Vi trenger \u00e5 vite hvor mange som kommer slik at det blir nok gr\u00f8t til alle \ud83d\ude42<br><br>Dersom du trenger hjelp med spond eller p\u00e5melding, ta kontakt med Stefan eller Ellen p\u00e5 Facebook!<br><br>H\u00e5per vi ses!<\/p>\n\n\n\n<figure class=\"wp-block-image size-full is-resized aligncenter\"><img loading=\"lazy\" decoding=\"async\" src=\"https:\/\/evjetkd.no\/wp-content\/uploads\/2022\/12\/Skjermbilde-2022-12-07-kl.-21.29.57.png\" alt=\"\" class=\"wp-image-124\" width=\"357\" height=\"383\" srcset=\"https:\/\/evjetkd.no\/wp-content\/uploads\/2022\/12\/Skjermbilde-2022-12-07-kl.-21.29.57.png 476w, https:\/\/evjetkd.no\/wp-content\/uploads\/2022\/12\/Skjermbilde-2022-12-07-kl.-21.29.57-279x300.png 279w\" sizes=\"auto, (max-width: 357px) 100vw, 357px\" \/><\/figure>\n","protected":false},"excerpt":{"rendered":"<p>Gr\u00f8tfest p\u00e5 Pernille Kaf\u00e8 tirsdag 20. desember &#8211; 18.30-20.00. Evje Taekwondo klubb \u00f8nsker medlemmer, foreldre og s\u00f8sken velkommen til gr\u00f8tfest p\u00e5 Pernille Kaf\u00e8 siste tirsdagen f\u00f8r jul. Med gr\u00f8tfesten s\u00e5 setter vi punktum for h\u00f8stsesongen 2022. Vi er veldig glade for \u00e5 ha en s\u00e5 fin gruppe som hver uke stiller opp og gj\u00f8r sitt [&hellip;]<\/p>\n","protected":false},"author":2,"featured_media":0,"comment_status":"open","ping_status":"open","sticky":false,"template":"","format":"standard","meta":{"footnotes":""},"categories":[3],"tags":[],"class_list":["post-122","post","type-post","status-publish","format-standard","hentry","category-informasjon"],"_links":{"self":[{"href":"https:\/\/evjetkd.no\/index.php?rest_route=\/wp\/v2\/posts\/122","targetHints":{"allow":["GET"]}}],"collection":[{"href":"https:\/\/evjetkd.no\/index.php?rest_route=\/wp\/v2\/posts"}],"about":[{"href":"https:\/\/evjetkd.no\/index.php?rest_route=\/wp\/v2\/types\/post"}],"author":[{"embeddable":true,"href":"https:\/\/evjetkd.no\/index.php?rest_route=\/wp\/v2\/users\/2"}],"replies":[{"embeddable":true,"href":"https:\/\/evjetkd.no\/index.php?rest_route=%2Fwp%2Fv2%2Fcomments&post=122"}],"version-history":[{"count":1,"href":"https:\/\/evjetkd.no\/index.php?rest_route=\/wp\/v2\/posts\/122\/revisions"}],"predecessor-version":[{"id":125,"href":"https:\/\/evjetkd.no\/index.php?rest_route=\/wp\/v2\/posts\/122\/revisions\/125"}],"wp:attachment":[{"href":"https:\/\/evjetkd.no\/index.php?rest_route=%2Fwp%2Fv2%2Fmedia&parent=122"}],"wp:term":[{"taxonomy":"category","embeddable":true,"href":"https:\/\/evjetkd.no\/index.php?rest_route=%2Fwp%2Fv2%2Fcategories&post=122"},{"taxonomy":"post_tag","embeddable":true,"href":"https:\/\/evjetkd.no\/index.php?rest_route=%2Fwp%2Fv2%2Ftags&post=122"}],"curies":[{"name":"wp","href":"https:\/\/api.w.org\/{rel}","templated":true}]}}